{"id":965,"date":"2024-09-13T07:43:05","date_gmt":"2024-09-13T10:43:05","guid":{"rendered":"https:\/\/foto.art.br\/site\/?p=965"},"modified":"2024-09-13T07:47:07","modified_gmt":"2024-09-13T10:47:07","slug":"fotncuberta-eherbarium","status":"publish","type":"post","link":"https:\/\/foto.art.br\/site\/2024\/09\/13\/fotncuberta-eherbarium\/","title":{"rendered":"Fotncuberta: eHerbarium !"},"content":{"rendered":"\n<figure class=\"wp-block-image size-large\"><img loading=\"lazy\" decoding=\"async\" width=\"1024\" height=\"620\" src=\"https:\/\/foto.art.br\/site\/wp-content\/uploads\/2024\/09\/HS_Fontcuberta_24_03P-2-1024x620.jpg\" alt=\"Herbarium Giliandria \/ Typha Volans. \u00a9 Joan Fontcuberta, 1983\/ 2024\" class=\"wp-image-964\" srcset=\"https:\/\/foto.art.br\/site\/wp-content\/uploads\/2024\/09\/HS_Fontcuberta_24_03P-2-1024x620.jpg 1024w, https:\/\/foto.art.br\/site\/wp-content\/uploads\/2024\/09\/HS_Fontcuberta_24_03P-2-300x182.jpg 300w, https:\/\/foto.art.br\/site\/wp-content\/uploads\/2024\/09\/HS_Fontcuberta_24_03P-2-768x465.jpg 768w, https:\/\/foto.art.br\/site\/wp-content\/uploads\/2024\/09\/HS_Fontcuberta_24_03P-2-1536x930.jpg 1536w, https:\/\/foto.art.br\/site\/wp-content\/uploads\/2024\/09\/HS_Fontcuberta_24_03P-2.jpg 1971w\" sizes=\"auto, (max-width: 1024px) 100vw, 1024px\" \/><figcaption class=\"wp-element-caption\">Herbarium Giliandria \/ Typha Volans. \u00a9 Joan Fontcuberta,  1983\/ 2024<\/figcaption><\/figure>\n\n\n\n<p>artista, professor, pesquisador, te\u00f3rico, sempre inquieto <strong><em>Joan Fontcuberta<\/em><\/strong> reaparece nesta exposi\u00e7\u00e3o onde mostra seu novo trabalho, uma atualiza\u00e7\u00e3o do <strong><em>Herbarium<\/em><\/strong>, produ\u00e7\u00e3o de quarenta anos atr\u00e1s, montagens fotogr\u00e1ficas em est\u00fadio onde criou plantas fant\u00e1sticas usando diversos materiais.<\/p>\n\n\n\n<p>na vers\u00e3o atual recria imagens com uso de IA, alimentada por imagens da vers\u00e3o antiga, retrabalhadas por novos prompt&#8230;<\/p>\n\n\n\n<p>tamb\u00e9m apresenta um novo trabalho com corais, citando Darwin.<\/p>\n\n\n\n<p><a href=\"https:\/\/www.kominekominekominek.com\" target=\"_blank\" rel=\"noreferrer noopener\"><strong>eHerbarium<\/strong><\/a><\/p>\n\n\n\n<p><\/p>\n\n\n\n<figure class=\"wp-block-embed is-type-wp-embed is-provider-alfred-ehrhardt-foundation wp-block-embed-alfred-ehrhardt-foundation\"><div class=\"wp-block-embed__wrapper\">\n<blockquote class=\"wp-embedded-content\" data-secret=\"n3wqrLhJo6\"><a href=\"https:\/\/www.aestiftung.de\/en\/exhibitions\/current\/joan-fontcuberta\/\">Joan Fontcuberta: What Darwin Missed<\/a><\/blockquote><iframe loading=\"lazy\" class=\"wp-embedded-content\" sandbox=\"allow-scripts\" security=\"restricted\" style=\"position: absolute; visibility: hidden;\" title=\"&#8220;Joan Fontcuberta: What Darwin Missed&#8221; &#8212; Alfred Ehrhardt Foundation\" src=\"https:\/\/www.aestiftung.de\/en\/exhibitions\/current\/joan-fontcuberta\/embed\/#?secret=8oSfImgXyn#?secret=n3wqrLhJo6\" data-secret=\"n3wqrLhJo6\" width=\"600\" height=\"338\" frameborder=\"0\" marginwidth=\"0\" marginheight=\"0\" scrolling=\"no\"><\/iframe>\n<\/div><\/figure>\n\n\n\n<p><\/p>\n","protected":false},"excerpt":{"rendered":"<p>artista, professor, pesquisador, te\u00f3rico, sempre inquieto Joan Fontcuberta reaparece nesta exposi\u00e7\u00e3o onde mostra seu novo trabalho, uma atualiza\u00e7\u00e3o do Herbarium, produ\u00e7\u00e3o de quarenta anos atr\u00e1s, montagens fotogr\u00e1ficas em est\u00fadio onde criou plantas fant\u00e1sticas usando diversos materiais. na vers\u00e3o atual recria imagens com uso de IA, alimentada por imagens da vers\u00e3o antiga, retrabalhadas por novos prompt&#8230; [&hellip;]<\/p>\n","protected":false},"author":1,"featured_media":964,"comment_status":"closed","ping_status":"","sticky":false,"template":"","format":"standard","meta":{"footnotes":""},"categories":[1],"tags":[],"class_list":["post-965","post","type-post","status-publish","format-standard","has-post-thumbnail","hentry","category-uncategorized"],"blocksy_meta":[],"_links":{"self":[{"href":"https:\/\/foto.art.br\/site\/wp-json\/wp\/v2\/posts\/965","targetHints":{"allow":["GET"]}}],"collection":[{"href":"https:\/\/foto.art.br\/site\/wp-json\/wp\/v2\/posts"}],"about":[{"href":"https:\/\/foto.art.br\/site\/wp-json\/wp\/v2\/types\/post"}],"author":[{"embeddable":true,"href":"https:\/\/foto.art.br\/site\/wp-json\/wp\/v2\/users\/1"}],"replies":[{"embeddable":true,"href":"https:\/\/foto.art.br\/site\/wp-json\/wp\/v2\/comments?post=965"}],"version-history":[{"count":0,"href":"https:\/\/foto.art.br\/site\/wp-json\/wp\/v2\/posts\/965\/revisions"}],"wp:featuredmedia":[{"embeddable":true,"href":"https:\/\/foto.art.br\/site\/wp-json\/wp\/v2\/media\/964"}],"wp:attachment":[{"href":"https:\/\/foto.art.br\/site\/wp-json\/wp\/v2\/media?parent=965"}],"wp:term":[{"taxonomy":"category","embeddable":true,"href":"https:\/\/foto.art.br\/site\/wp-json\/wp\/v2\/categories?post=965"},{"taxonomy":"post_tag","embeddable":true,"href":"https:\/\/foto.art.br\/site\/wp-json\/wp\/v2\/tags?post=965"}],"curies":[{"name":"wp","href":"https:\/\/api.w.org\/{rel}","templated":true}]}}