{"id":994,"date":"2024-09-20T16:48:40","date_gmt":"2024-09-20T19:48:40","guid":{"rendered":"https:\/\/foto.art.br\/site\/?p=994"},"modified":"2024-09-20T16:49:51","modified_gmt":"2024-09-20T19:49:51","slug":"palestra-e-curso-construcao-de-cameras-artesanais","status":"publish","type":"post","link":"https:\/\/foto.art.br\/site\/2024\/09\/20\/palestra-e-curso-construcao-de-cameras-artesanais\/","title":{"rendered":"Palestra e Curso: Constru\u00e7\u00e3o de C\u00e2meras Artesanais"},"content":{"rendered":"\n<figure class=\"wp-block-image size-full\"><img loading=\"lazy\" decoding=\"async\" width=\"794\" height=\"797\" src=\"https:\/\/foto.art.br\/site\/wp-content\/uploads\/2024\/09\/constr_sociais.png\" alt=\"\" class=\"wp-image-995\" srcset=\"https:\/\/foto.art.br\/site\/wp-content\/uploads\/2024\/09\/constr_sociais.png 794w, https:\/\/foto.art.br\/site\/wp-content\/uploads\/2024\/09\/constr_sociais-300x300.png 300w, https:\/\/foto.art.br\/site\/wp-content\/uploads\/2024\/09\/constr_sociais-150x150.png 150w, https:\/\/foto.art.br\/site\/wp-content\/uploads\/2024\/09\/constr_sociais-768x771.png 768w\" sizes=\"auto, (max-width: 794px) 100vw, 794px\" \/><\/figure>\n\n\n\n<p>Na \u00e9poca da onipresen\u00e7a da imagem digital esta palestra vai abordar a possibilidade de se construir c\u00e2meras fotogr\u00e1ficas artesanais como atividade l\u00fadica, art\u00edstica ou pedag\u00f3gica resgatando a manualidade, a materialidade da fotografia, desvendando o funcionamento da caixa preta da fotografia.<br>Ser\u00e3o abordados a anatomia da c\u00e2mera, seu desenvolvimento hist\u00f3rico, as possibilidades do &#8216;fa\u00e7a voc\u00ea mesmo&#8221;, exemplos de c\u00e2meras feitas por fot\u00f3grafos, artistas, pedagogos.<\/p>\n\n\n\n<p>Dia 1\u00ba de outubro das 9 \u00e0s 10:30h pelo Zoom.<\/p>\n\n\n\n<p>Com dura\u00e7\u00e3o de uma hora e meia e 100 vagas preenchidas pela ordem de inscri\u00e7\u00f5es, os interessados devem preencher o formul\u00e1rio:<\/p>\n\n\n\n<p>A palestra serve tamb\u00e9m de apresenta\u00e7\u00e3o e pr\u00e9-requisito de um curso que vai ocorrer na sequ\u00eancia, presencial com 8 vagas e acompanhamento remoto com mais 8 vagas.<\/p>\n\n\n\n<p>Inscri\u00e7\u00f5es para a palestra no link: <a href=\"https:\/\/forms.gle\/HRLwLjVcRuEqatdP7\" target=\"_blank\" rel=\"noreferrer noopener\">https:\/\/forms.gle\/HRLwLjVcRuEqatdP7<\/a><\/p>\n\n\n\n<p>O link para inscri\u00e7\u00e3o no curso ser\u00e1 apresentado durante a palestra.<\/p>\n\n\n\n<p>Palestra:<\/p>\n\n\n\n<p>Constru\u00e7\u00e3o de C\u00e2meras Artesanais<br>Dia 1\u00ba de Outubro, ter\u00e7a-feira, das 9 \u00e0s 10:30h<br>100 vagas<\/p>\n\n\n\n<p>Curso:<\/p>\n\n\n\n<p>Constru\u00e7\u00e3o de C\u00e2meras Artesanais<br>Ter\u00e7as-feiras, de 8 de Outubro a 17 de dezembro<br>das 8:30 \u00e0s 11h<br>8 vagas presenciais<br>8 vagas de acompanhamento remoto<\/p>\n","protected":false},"excerpt":{"rendered":"<p>Na \u00e9poca da onipresen\u00e7a da imagem digital esta palestra vai abordar a possibilidade de se construir c\u00e2meras fotogr\u00e1ficas artesanais como atividade l\u00fadica, art\u00edstica ou pedag\u00f3gica resgatando a manualidade, a materialidade da fotografia, desvendando o funcionamento da caixa preta da fotografia.Ser\u00e3o abordados a anatomia da c\u00e2mera, seu desenvolvimento hist\u00f3rico, as possibilidades do &#8216;fa\u00e7a voc\u00ea mesmo&#8221;, exemplos [&hellip;]<\/p>\n","protected":false},"author":1,"featured_media":997,"comment_status":"closed","ping_status":"","sticky":false,"template":"","format":"standard","meta":{"footnotes":""},"categories":[1],"tags":[],"class_list":["post-994","post","type-post","status-publish","format-standard","has-post-thumbnail","hentry","category-uncategorized"],"blocksy_meta":[],"_links":{"self":[{"href":"https:\/\/foto.art.br\/site\/wp-json\/wp\/v2\/posts\/994","targetHints":{"allow":["GET"]}}],"collection":[{"href":"https:\/\/foto.art.br\/site\/wp-json\/wp\/v2\/posts"}],"about":[{"href":"https:\/\/foto.art.br\/site\/wp-json\/wp\/v2\/types\/post"}],"author":[{"embeddable":true,"href":"https:\/\/foto.art.br\/site\/wp-json\/wp\/v2\/users\/1"}],"replies":[{"embeddable":true,"href":"https:\/\/foto.art.br\/site\/wp-json\/wp\/v2\/comments?post=994"}],"version-history":[{"count":0,"href":"https:\/\/foto.art.br\/site\/wp-json\/wp\/v2\/posts\/994\/revisions"}],"wp:featuredmedia":[{"embeddable":true,"href":"https:\/\/foto.art.br\/site\/wp-json\/wp\/v2\/media\/997"}],"wp:attachment":[{"href":"https:\/\/foto.art.br\/site\/wp-json\/wp\/v2\/media?parent=994"}],"wp:term":[{"taxonomy":"category","embeddable":true,"href":"https:\/\/foto.art.br\/site\/wp-json\/wp\/v2\/categories?post=994"},{"taxonomy":"post_tag","embeddable":true,"href":"https:\/\/foto.art.br\/site\/wp-json\/wp\/v2\/tags?post=994"}],"curies":[{"name":"wp","href":"https:\/\/api.w.org\/{rel}","templated":true}]}}